[{"@context":"https:\/\/schema.org\/","@type":"Article","@id":"https:\/\/www.dagis.cz\/dokonala-zahrada\/#Article","mainEntityOfPage":"https:\/\/www.dagis.cz\/dokonala-zahrada\/","headline":"Dokonal\u00e1 zahrada","name":"Dokonal\u00e1 zahrada","description":"M\u00edt d\u016fm s velkou zahradou byl v\u017edycky m\u016fj sen. V\u017edycky jsem si p\u0159\u00e1la, a\u017e ho budu m\u00edt velikou zahradou, kde budu m\u00edt taky velik\u00fd baz\u00e9n. No, mus\u00edm se v\u00e1m p\u0159iznat,<p><a href=\"https:\/\/www.dagis.cz\/dokonala-zahrada\/\" class=\"more-link\">P\u0159e\u010d\u00edst<span class=\"screen-reader-text\">Dokonal\u00e1 zahrada<\/span><\/a><\/p>","datePublished":"2022-01-13","dateModified":"2022-01-13","author":{"@type":"Person","@id":"https:\/\/www.dagis.cz\/author\/devene\/#Person","name":"devene","url":"https:\/\/www.dagis.cz\/author\/devene\/","identifier":1,"image":{"@type":"ImageObject","@id":"https:\/\/secure.gravatar.com\/avatar\/40b5f3ce562f556955b189273c919e65fd2efecc17411a60d9172af88d0e5d58?s=96&d=mm&r=g","url":"https:\/\/secure.gravatar.com\/avatar\/40b5f3ce562f556955b189273c919e65fd2efecc17411a60d9172af88d0e5d58?s=96&d=mm&r=g","height":96,"width":96}},"publisher":{"@type":"Organization","name":"dagis.cz","logo":{"@type":"ImageObject","@id":"\/logo.png","url":"\/logo.png","width":600,"height":60}},"image":{"@type":"ImageObject","@id":"https:\/\/www.dagis.cz\/wp-content\/uploads\/pool-gd1b73b06a_640.jpg","url":"https:\/\/www.dagis.cz\/wp-content\/uploads\/pool-gd1b73b06a_640.jpg","height":0,"width":0},"url":"https:\/\/www.dagis.cz\/dokonala-zahrada\/","about":["Zahrada a d\u016fm"],"wordCount":447,"articleBody":"M\u00edt d\u016fm s velkou zahradou byl v\u017edycky m\u016fj sen. V\u017edycky jsem si p\u0159\u00e1la, a\u017e ho budu m\u00edt velikou zahradou, kde budu m\u00edt taky velik\u00fd baz\u00e9n. No, mus\u00edm se v\u00e1m p\u0159iznat, \u017ee jsem si p\u0159\u00e1la velik\u00e1nskou zahradu hlavn\u011b kv\u016fli baz\u00e9nu. Jsem takov\u00e1, \u017ee v l\u00e9t\u011b se moc r\u00e1da opaluji a taky plavu v baz\u00e9nu. Jen\u017ee moje zahrada je docela mal\u00e1, tak\u017ee se tam \u017e\u00e1dn\u00fd velk\u00fd baz\u00e9n nevejde. Mus\u00edm se spokojit s tak mal\u00fdm baz\u00e9nem, \u017ee si tam sotva sednu nebo lehnu ov\u0161em m\u00edt kr\u00e1snou zahradu byl taky m\u016fj sen. Proto jsem si dala velmi z\u00e1le\u017eet na tom, jak\u00e9 kv\u011btiny, ke\u0159\u00edky, jakou tr\u00e1vu m\u00e1m na sv\u00e9 zahrad\u011b. A samoz\u0159ejm\u011b baz\u00e9n! V\u0161echno bylo dokonal\u00e9 a j\u00e1 jsem m\u011bla v\u0161echno pe\u010dliv\u011b napl\u00e1novan\u00e9, taky dekorace jsem m\u011bla v koupen\u00e9. Jen\u017ee bohu\u017eel m\u016fj p\u0159\u00edtel si pak po\u0159\u00eddil psa. Sice mus\u00edm \u0159\u00edct, \u017ee j\u00e1 jsem se psem souhlasila. Ale v\u016fbec mi nedo\u0161lo te\u010f, \u017ee mi zni\u010d\u00ed zahradu. Najednou moje zahrada nebyla tak dokonal\u00e1, jak jsem si p\u0159edstavovala a jakou jsem si ud\u011blala. Nicm\u00e9n\u011b jsem byla velmi smutn\u00e1 a na\u0161tvan\u00e1.Zkou\u0161ela jsem to s p\u0159\u00edtelem probrat, aby ud\u011blal n\u011bjak\u00fd kotec pro psa, proto\u017ee m\u016fj d\u016fm i zahrada u\u017e nebyly tak dokonal\u00e9, jak jsem m\u011bla ud\u011blan\u00e9. Nev\u00edm pro\u010d ale ten pes mi za\u010dal docela dost vadit. Na\u0161t\u011bst\u00ed se to vy\u0159e\u0161ilo t\u00edm, \u017ee p\u0159\u00edtel ud\u011blal sl\u00edben\u00fd kotec. Tak\u017ee jsem si svou zahradu a d\u016fm dala zase do po\u0159\u00e1dku, jak jsem to m\u011bla p\u0159edt\u00edm. A mus\u00edm \u0159\u00edct, \u017ee jsem nyn\u00ed velmi spokojen\u00e1. M\u016fj p\u0159\u00edtel chod\u00ed se psem pravideln\u011b ven. J\u00e1 si u\u017e\u00edv\u00e1m kr\u00e1snou zahradu a d\u016fm. A taky m\u00e1m sv\u016fj baz\u00e9n. Sice nen\u00ed velk\u00fd, kde se d\u00e1 plavat, alespo\u0148 si tam sednu a po\u0159\u00e1dn\u011b lehnu. Taky jsem moc r\u00e1da na zahrad\u011b opaluji a slav\u00edme tam s p\u0159\u00e1teli r\u016fzn\u00e9 akce a taky tam moc r\u00e1di grilujeme. Proto na tyto letn\u00ed akce je zahrada velmi perfektn\u00ed a praktick\u00e1.\u00a0A vy taky m\u00e1te sv\u016fj vysn\u011bn\u00fd d\u016fm se zahradou nebo si vysta\u010d\u00edte s mal\u00fdm bytem?\u00a0Mysl\u00edm, \u017ee je to v\u011bc vkusu. J\u00e1 m\u00e1m r\u00e1da prostor kolem sebe, tak\u017ee u m\u011b byl d\u016fm jasn\u00e1 volba.                                                                                                                                                                                                                                                                                                                                                                                                "},{"@context":"https:\/\/schema.org\/","@type":"BreadcrumbList","itemListElement":[{"@type":"ListItem","position":1,"name":"Dokonal\u00e1 zahrada","item":"https:\/\/www.dagis.cz\/dokonala-zahrada\/#breadcrumbitem"}]}]