[{"@context":"https:\/\/schema.org\/","@type":"Article","@id":"https:\/\/www.dagis.cz\/letni-bylinka\/#Article","mainEntityOfPage":"https:\/\/www.dagis.cz\/letni-bylinka\/","headline":"Letn\u00ed bylinka","name":"Letn\u00ed bylinka","description":"Bylinky pouze nel\u00e9\u010d\u00ed. M\u016f\u017eete z nich p\u0159ipravovat lahodn\u00e9 \u010daje jako letn\u00ed osv\u011b\u017een\u00ed. Chutn\u00e9 budou t\u0159eba jen lehce p\u0159islazen\u00e9 medem. Pokud chcete m\u00edt bylinky v\u017edy po ruce, vysejte sem\u00ednka v\u010das, aby<p><a href=\"https:\/\/www.dagis.cz\/letni-bylinka\/\" class=\"more-link\">P\u0159e\u010d\u00edst<span class=\"screen-reader-text\">Letn\u00ed bylinka<\/span><\/a><\/p>","datePublished":"2022-01-06","dateModified":"2023-04-28","author":{"@type":"Person","@id":"https:\/\/www.dagis.cz\/author\/devene\/#Person","name":"devene","url":"https:\/\/www.dagis.cz\/author\/devene\/","identifier":1,"image":{"@type":"ImageObject","@id":"https:\/\/secure.gravatar.com\/avatar\/40b5f3ce562f556955b189273c919e65fd2efecc17411a60d9172af88d0e5d58?s=96&d=mm&r=g","url":"https:\/\/secure.gravatar.com\/avatar\/40b5f3ce562f556955b189273c919e65fd2efecc17411a60d9172af88d0e5d58?s=96&d=mm&r=g","height":96,"width":96}},"publisher":{"@type":"Organization","name":"dagis.cz","logo":{"@type":"ImageObject","@id":"\/logo.png","url":"\/logo.png","width":600,"height":60}},"image":{"@type":"ImageObject","@id":"https:\/\/www.dagis.cz\/wp-content\/uploads\/seedlings-3448883_1920.jpg","url":"https:\/\/www.dagis.cz\/wp-content\/uploads\/seedlings-3448883_1920.jpg","height":0,"width":0},"url":"https:\/\/www.dagis.cz\/letni-bylinka\/","about":["Zahrada a d\u016fm"],"wordCount":422,"articleBody":"Bylinky pouze nel\u00e9\u010d\u00ed. M\u016f\u017eete z nich p\u0159ipravovat lahodn\u00e9 \u010daje jako letn\u00ed osv\u011b\u017een\u00ed. Chutn\u00e9 budou t\u0159eba jen lehce p\u0159islazen\u00e9 medem. Pokud chcete m\u00edt bylinky v\u017edy po ruce, vysejte sem\u00ednka v\u010das, aby v\u00e1m na zahrad\u011b d\u011blaly radost cel\u00e9 l\u00e9to. Vsa\u010fte na m\u011bs\u00ed\u010dek l\u00e9ka\u0159sk\u00fd. Na p\u011bstov\u00e1n\u00ed nen\u00ed n\u00e1ro\u010dn\u00fd a pot\u011b\u0161\u00ed pozitivn\u00ed barvou kv\u011bt\u016f, kter\u00e9 p\u0159ipom\u00ednaj\u00ed slun\u00ed\u010dko. O\u017eiv\u00ed z\u00e1hon a pokvete a\u017e do podzimn\u00edch dn\u00ed. Dnes se prod\u00e1vaj\u00ed i zaj\u00edmav\u00e9 plnokv\u011bt\u00e9 odr\u016fdy s r\u016fzn\u00fdmi barvami kv\u011bt\u016f. Od sv\u011btl\u00e9 kr\u00e9mov\u00e9 barvy a\u017e po tmav\u011b oran\u017eovou. Pro lep\u0161\u00ed estetick\u00fd dojem barvy kv\u011bt\u016f nam\u00edchejte.M\u011bs\u00ed\u010dek l\u00e9ka\u0159sk\u00fd m\u00e1 siln\u00e9 l\u00e9\u010div\u00e9 \u00fa\u010dinky. P\u0159\u00ednosn\u00fd je p\u0159i onemocn\u011bn\u00edch jater, zlep\u0161uje metabolismu a prosp\u00edv\u00e1 tr\u00e1ven\u00ed d\u00edky obsahu ho\u0159\u010din. Chcete-li ozvl\u00e1\u0161tnit sal\u00e1t, m\u016f\u017eete p\u0159idat n\u011bkolik list\u016f nebo kv\u011bt\u016f do pokrmu. M\u011bs\u00ed\u010dek dob\u0159e p\u016fsob\u00ed p\u0159i z\u00e1n\u011btu mo\u010dov\u00fdch cest a ka\u0161li. P\u0159ipravit si m\u016f\u017eete \u010daj z kv\u011bt\u016f nebo p\u0159idejte bylinku do v\u00edcedruhov\u00fdch \u010daj\u016f. V p\u0159\u00edrodn\u00ed l\u00e9k\u00e1rni\u010dce by nem\u011bla chyb\u011bt m\u011bs\u00ed\u010dkov\u00e1 mast. Pop\u00e1leniny, opruzeniny nebo drobn\u011bj\u0161\u00ed poran\u011bn\u00ed pot\u0159ete mast\u00ed, kter\u00e9 pom\u016f\u017ee k\u016f\u017ei zahojit. V\u0161estrannou l\u00e9\u010divku m\u016f\u017eete pou\u017e\u00edt ke zjemn\u011bn\u00ed pleti. M\u011bs\u00ed\u010dkov\u00fd kr\u00e9m nebo olej si snadno vyrob\u00edte sami ze su\u0161en\u00fdch nebo \u010derstv\u00fdch kv\u011bt\u016f, kter\u00e9 budete macerovat za studena v oleji na tepl\u00e9m m\u00edst\u011b po dobu t\u0159\u00ed t\u00fddn\u016f.Bylinku zvl\u00e1dne vyp\u011bstovat i \u00fapln\u00fd za\u010d\u00e1te\u010dn\u00edk. Pokud chcete, aby pozitivn\u011b zbarven\u00e1 bylinka zdobila z\u00e1hon co nejd\u0159\u00edve, m\u016f\u017eete semena na z\u00e1hon vys\u00edt ji\u017e v b\u0159eznu. Bylinka snese i mraziv\u00e9 po\u010das\u00ed. Sem\u00ednka m\u016f\u017eete s\u00e1zet rovnou do z\u00e1honu nebo si p\u0159edp\u011bstujte sazenice. M\u011bs\u00ed\u010dek ocen\u00ed slunn\u00e9 stanovi\u0161t\u011b, v\u00fd\u017eivnou a prokyp\u0159enou p\u016fdu. Nezapome\u0148te na z\u00e1livku. Aby se v\u00e1m po celou sezonu tvo\u0159ily st\u00e1le nov\u00e9 kv\u011bty, dop\u0159ejte rostlin\u011b alespo\u0148 ob\u010das trochu hnojiva. Bylinka je n\u00e1chyln\u00e1 k tvorb\u011b padl\u00ed, proto ji nes\u00e1zejte p\u0159\u00edli\u0161 bl\u00edzko k sob\u011b. Okrasnou bylinku m\u016f\u017eete p\u011bstovat v kv\u011btin\u00e1\u010di.                                                                                                                                                                                                                                                                                                                                                                                                 "},{"@context":"https:\/\/schema.org\/","@type":"BreadcrumbList","itemListElement":[{"@type":"ListItem","position":1,"name":"Letn\u00ed bylinka","item":"https:\/\/www.dagis.cz\/letni-bylinka\/#breadcrumbitem"}]}]